{"id":189,"date":"2019-04-29T15:10:07","date_gmt":"2019-04-29T13:10:07","guid":{"rendered":"http:\/\/ceradruck.de\/cera\/?p=189"},"modified":"2019-05-10T16:29:44","modified_gmt":"2019-05-10T14:29:44","slug":"september-2018-guetesiegels-qub","status":"publish","type":"post","link":"https:\/\/ceradruck.de\/cera\/2019\/04\/29\/september-2018-guetesiegels-qub\/","title":{"rendered":"September 2018 &#8211; QUB G\u00fctesiegel"},"content":{"rendered":"<p>Ceradruck GmbH hat das Recht zur F\u00fchrung des G\u00fctesiegels \u201eQualit\u00e4tsverbund umweltbewuster Betriebe&#8220; (QUB) erworben.<\/p>\n<p>\u00a0<\/p>\n<p>\u00a0<\/p>\n\n\n<figure class=\"wp-block-image\"><img loading=\"lazy\" decoding=\"async\" width=\"600\" height=\"852\" src=\"https:\/\/ceradruck.de\/cera\/wp-content\/uploads\/2019\/05\/ceradruck_QUB_zertifikat_2018.jpg\" alt=\"\" class=\"wp-image-288\" srcset=\"https:\/\/ceradruck.de\/cera\/wp-content\/uploads\/2019\/05\/ceradruck_QUB_zertifikat_2018.jpg 600w, https:\/\/ceradruck.de\/cera\/wp-content\/uploads\/2019\/05\/ceradruck_QUB_zertifikat_2018-211x300.jpg 211w\" sizes=\"(max-width: 600px) 100vw, 600px\" \/><\/figure>\n","protected":false},"excerpt":{"rendered":"<p>Ceradruck GmbH hat das Recht zur F\u00fchrung des G\u00fctesiegels \u201eQualit\u00e4tsverbund umweltbewuster Betriebe&#8220; (QUB) erworben. \u00a0 \u00a0<\/p>\n","protected":false},"author":1,"featured_media":190,"comment_status":"closed","ping_status":"closed","sticky":false,"template":"","format":"standard","meta":{"footnotes":""},"categories":[1],"tags":[6,7],"class_list":["post-189","post","type-post","status-publish","format-standard","has-post-thumbnail","hentry","category-news","tag-qub","tag-umweltbewusst"],"_links":{"self":[{"href":"https:\/\/ceradruck.de\/cera\/wp-json\/wp\/v2\/posts\/189"}],"collection":[{"href":"https:\/\/ceradruck.de\/cera\/wp-json\/wp\/v2\/posts"}],"about":[{"href":"https:\/\/ceradruck.de\/cera\/wp-json\/wp\/v2\/types\/post"}],"author":[{"embeddable":true,"href":"https:\/\/ceradruck.de\/cera\/wp-json\/wp\/v2\/users\/1"}],"replies":[{"embeddable":true,"href":"https:\/\/ceradruck.de\/cera\/wp-json\/wp\/v2\/comments?post=189"}],"version-history":[{"count":0,"href":"https:\/\/ceradruck.de\/cera\/wp-json\/wp\/v2\/posts\/189\/revisions"}],"wp:featuredmedia":[{"embeddable":true,"href":"https:\/\/ceradruck.de\/cera\/wp-json\/wp\/v2\/media\/190"}],"wp:attachment":[{"href":"https:\/\/ceradruck.de\/cera\/wp-json\/wp\/v2\/media?parent=189"}],"wp:term":[{"taxonomy":"category","embeddable":true,"href":"https:\/\/ceradruck.de\/cera\/wp-json\/wp\/v2\/categories?post=189"},{"taxonomy":"post_tag","embeddable":true,"href":"https:\/\/ceradruck.de\/cera\/wp-json\/wp\/v2\/tags?post=189"}],"curies":[{"name":"wp","href":"https:\/\/api.w.org\/{rel}","templated":true}]}}